{"id":3985,"date":"2026-03-09T02:26:29","date_gmt":"2026-03-09T05:26:29","guid":{"rendered":"https:\/\/ibs-energy.com.br\/?p=3985"},"modified":"2026-03-19T02:30:21","modified_gmt":"2026-03-19T05:30:21","slug":"ons-corta-uma-belo-monte-de-energia-renovavel-no-nordeste-cnn-brasil","status":"publish","type":"post","link":"https:\/\/ibs-energy.com.br\/en\/ons-corta-uma-belo-monte-de-energia-renovavel-no-nordeste-cnn-brasil\/","title":{"rendered":"ONS corta uma &#8220;Belo Monte&#8221; de energia renov\u00e1vel no Nordeste | CNN Brasil"},"content":{"rendered":"<p><strong>Limita\u00e7\u00e3o ocorreu ao longo de v\u00e1rias horas no domingo (8) para controle de fluxo de energia e frequ\u00eancia do Sistema Interligado Nacional<\/strong><\/p>\n\n\n\n<p>O&nbsp;<strong>Operador Nacional do Sistema El\u00e9trico (ONS)<\/strong>&nbsp;registrou no \u00faltimo domingo (8)&nbsp;<strong>restri\u00e7\u00f5es significativas na gera\u00e7\u00e3o de energia e\u00f3lica e solar no Nordeste<\/strong>&nbsp;para manter o equil\u00edbrio do Sistema Interligado Nacional (SIN).<\/p>\n\n\n\n<p>Segundo o Informativo Preliminar Di\u00e1rio da Opera\u00e7\u00e3o (IPDO), o corte m\u00e1ximo chegou a&nbsp;<strong>12.609 MW<\/strong>&nbsp;de pot\u00eancia.<\/p>\n\n\n\n<p>A limita\u00e7\u00e3o da gera\u00e7\u00e3o renov\u00e1vel ocorreu entre 0h e 3h33 e novamente entre 4h19 e 16h54, principalmente para controle de fluxos el\u00e9tricos entre regi\u00f5es, atendimento de restri\u00e7\u00f5es operativas e manuten\u00e7\u00e3o da frequ\u00eancia do sistema.<\/p>\n\n\n\n<p>O volume de gera\u00e7\u00e3o restringida \u00e9 superior \u00e0 capacidade da Usina Hidrel\u00e9trica de Belo Monte, uma das maiores do pa\u00eds, que tem cerca de 11 GW de pot\u00eancia instalada.<\/p>\n\n\n\n<p>Os cortes de gera\u00e7\u00e3o determinados pelo ONS ocorrem por tr\u00eas motivos: a falta de infraestrutura de transmiss\u00e3o, como linhas danificadas ou atrasadas, em que a empresa geradora pode ser ressarcida por n\u00e3o ser respons\u00e1vel pelo problema; quando as linhas de transmiss\u00e3o atingem o limite de capacidade e a energia n\u00e3o pode ser escoada; e o excesso de oferta de energia em rela\u00e7\u00e3o \u00e0 demanda. Nos dois \u00faltimos casos, n\u00e3o h\u00e1 direito a compensa\u00e7\u00e3o.<\/p>\n\n\n\n<p>Restri\u00e7\u00f5es tamb\u00e9m foram registradas em outros submercados, mas em escala bem menor.<\/p>\n\n\n\n<p>No Sudeste\/Centro-Oeste, o corte m\u00e1ximo foi de 488 MW, enquanto no Norte a redu\u00e7\u00e3o chegou a 125 MW, tamb\u00e9m para controle da frequ\u00eancia do SIN.<\/p>\n\n\n\n<p>Em comunicado, a ONS ainda informou que n\u00e3o houve ocorr\u00eancias relevantes na rede de opera\u00e7\u00e3o ou na rede de distribui\u00e7\u00e3o ao longo do dia. A carga do sistema ficou em 75.803 MW m\u00e9dios, com predomin\u00e2ncia da gera\u00e7\u00e3o hidr\u00e1ulica na matriz el\u00e9trica di\u00e1ria.<\/p>","protected":false},"excerpt":{"rendered":"<p>Limita\u00e7\u00e3o ocorreu ao longo de v\u00e1rias horas no domingo (8) para controle de fluxo de energia e frequ\u00eancia do Sistema Interligado Nacional O&nbsp;Operador Nacional do Sistema El\u00e9trico (ONS)&nbsp;registrou no \u00faltimo domingo (8)&nbsp;restri\u00e7\u00f5es significativas na gera\u00e7\u00e3o de energia e\u00f3lica e solar no Nordeste&nbsp;para manter o equil\u00edbrio do Sistema Interligado Nacional (SIN). Segundo o Informativo Preliminar Di\u00e1rio da Opera\u00e7\u00e3o (IPDO), o corte m\u00e1ximo chegou a&nbsp;12.609 MW&nbsp;de pot\u00eancia. A limita\u00e7\u00e3o da gera\u00e7\u00e3o renov\u00e1vel ocorreu entre 0h e 3h33 e novamente entre 4h19 e 16h54, principalmente para controle de fluxos el\u00e9tricos entre regi\u00f5es, atendimento de restri\u00e7\u00f5es operativas e manuten\u00e7\u00e3o da frequ\u00eancia do sistema. O volume de gera\u00e7\u00e3o restringida \u00e9 superior \u00e0 capacidade da Usina Hidrel\u00e9trica de Belo Monte, uma das maiores do pa\u00eds, que tem cerca de 11 GW de pot\u00eancia instalada. Os cortes de gera\u00e7\u00e3o determinados pelo ONS ocorrem por tr\u00eas motivos: a falta de infraestrutura de transmiss\u00e3o, como linhas danificadas ou atrasadas, em que a empresa geradora pode ser ressarcida por n\u00e3o ser respons\u00e1vel pelo problema; quando as linhas de transmiss\u00e3o atingem o limite de capacidade e a energia n\u00e3o pode ser escoada; e o excesso de oferta de energia em rela\u00e7\u00e3o \u00e0 demanda. Nos dois \u00faltimos casos, n\u00e3o h\u00e1 direito a compensa\u00e7\u00e3o. Restri\u00e7\u00f5es tamb\u00e9m foram registradas em outros submercados, mas em escala bem menor. No Sudeste\/Centro-Oeste, o corte m\u00e1ximo foi de 488 MW, enquanto no Norte a redu\u00e7\u00e3o chegou a 125 MW, tamb\u00e9m para controle da frequ\u00eancia do SIN. Em comunicado, a ONS ainda informou que n\u00e3o houve ocorr\u00eancias relevantes na rede de opera\u00e7\u00e3o ou na rede de distribui\u00e7\u00e3o ao longo do dia. A carga do sistema ficou em 75.803 MW m\u00e9dios, com predomin\u00e2ncia da gera\u00e7\u00e3o hidr\u00e1ulica na matriz el\u00e9trica di\u00e1ria.<\/p>","protected":false},"author":6,"featured_media":3986,"comment_status":"closed","ping_status":"closed","sticky":false,"template":"","format":"standard","meta":{"_acf_changed":false,"footnotes":""},"categories":[1,29,77,37,52,41],"tags":[24,61,163,34],"class_list":["post-3985","post","type-post","status-publish","format-standard","has-post-thumbnail","hentry","category-blog","category-economia","category-energia-eletrica","category-governo-federal","category-ibs-energy","category-mercado-livre","tag-energia","tag-energia-renovavel","tag-nordeste","tag-ons"],"acf":[],"yoast_head":"<!-- This site is optimized with the Yoast SEO plugin v27.5 - https:\/\/yoast.com\/product\/yoast-seo-wordpress\/ -->\n<title>ONS corta uma &quot;Belo Monte&quot; de energia renov\u00e1vel no Nordeste | CNN Brasil - Grupo IBS Energy<\/title>\n<meta name=\"robots\" content=\"index, follow, max-snippet:-1, max-image-preview:large, max-video-preview:-1\" \/>\n<link rel=\"canonical\" href=\"https:\/\/ibs-energy.com.br\/en\/ons-corta-uma-belo-monte-de-energia-renovavel-no-nordeste-cnn-brasil\/\" \/>\n<meta property=\"og:locale\" content=\"en_US\" \/>\n<meta property=\"og:type\" content=\"article\" \/>\n<meta property=\"og:title\" content=\"ONS corta uma &quot;Belo Monte&quot; de energia renov\u00e1vel no Nordeste | CNN Brasil - Grupo IBS Energy\" \/>\n<meta property=\"og:description\" content=\"Limita\u00e7\u00e3o ocorreu ao longo de v\u00e1rias horas no domingo (8) para controle de fluxo de energia e frequ\u00eancia do Sistema Interligado Nacional O&nbsp;Operador Nacional do Sistema El\u00e9trico (ONS)&nbsp;registrou no \u00faltimo domingo (8)&nbsp;restri\u00e7\u00f5es significativas na gera\u00e7\u00e3o de energia e\u00f3lica e solar no Nordeste&nbsp;para manter o equil\u00edbrio do Sistema Interligado Nacional (SIN). Segundo o Informativo Preliminar Di\u00e1rio da Opera\u00e7\u00e3o (IPDO), o corte m\u00e1ximo chegou a&nbsp;12.609 MW&nbsp;de pot\u00eancia. A limita\u00e7\u00e3o da gera\u00e7\u00e3o renov\u00e1vel ocorreu entre 0h e 3h33 e novamente entre 4h19 e 16h54, principalmente para controle de fluxos el\u00e9tricos entre regi\u00f5es, atendimento de restri\u00e7\u00f5es operativas e manuten\u00e7\u00e3o da frequ\u00eancia do sistema. O volume de gera\u00e7\u00e3o restringida \u00e9 superior \u00e0 capacidade da Usina Hidrel\u00e9trica de Belo Monte, uma das maiores do pa\u00eds, que tem cerca de 11 GW de pot\u00eancia instalada. Os cortes de gera\u00e7\u00e3o determinados pelo ONS ocorrem por tr\u00eas motivos: a falta de infraestrutura de transmiss\u00e3o, como linhas danificadas ou atrasadas, em que a empresa geradora pode ser ressarcida por n\u00e3o ser respons\u00e1vel pelo problema; quando as linhas de transmiss\u00e3o atingem o limite de capacidade e a energia n\u00e3o pode ser escoada; e o excesso de oferta de energia em rela\u00e7\u00e3o \u00e0 demanda. Nos dois \u00faltimos casos, n\u00e3o h\u00e1 direito a compensa\u00e7\u00e3o. Restri\u00e7\u00f5es tamb\u00e9m foram registradas em outros submercados, mas em escala bem menor. No Sudeste\/Centro-Oeste, o corte m\u00e1ximo foi de 488 MW, enquanto no Norte a redu\u00e7\u00e3o chegou a 125 MW, tamb\u00e9m para controle da frequ\u00eancia do SIN. Em comunicado, a ONS ainda informou que n\u00e3o houve ocorr\u00eancias relevantes na rede de opera\u00e7\u00e3o ou na rede de distribui\u00e7\u00e3o ao longo do dia. A carga do sistema ficou em 75.803 MW m\u00e9dios, com predomin\u00e2ncia da gera\u00e7\u00e3o hidr\u00e1ulica na matriz el\u00e9trica di\u00e1ria.\" \/>\n<meta property=\"og:url\" content=\"https:\/\/ibs-energy.com.br\/en\/ons-corta-uma-belo-monte-de-energia-renovavel-no-nordeste-cnn-brasil\/\" \/>\n<meta property=\"og:site_name\" content=\"Grupo IBS Energy\" \/>\n<meta property=\"article:published_time\" content=\"2026-03-09T05:26:29+00:00\" \/>\n<meta property=\"article:modified_time\" content=\"2026-03-19T05:30:21+00:00\" \/>\n<meta property=\"og:image\" content=\"https:\/\/ibs-energy.com.br\/wp-content\/uploads\/2026\/03\/tagreuters.com2025binary_lynxnpel8i0o7-baseimage.png\" \/>\n\t<meta property=\"og:image:width\" content=\"800\" \/>\n\t<meta property=\"og:image:height\" content=\"481\" \/>\n\t<meta property=\"og:image:type\" content=\"image\/png\" \/>\n<meta name=\"author\" content=\"Klaus\" \/>\n<meta name=\"twitter:card\" content=\"summary_large_image\" \/>\n<meta name=\"twitter:label1\" content=\"Written by\" \/>\n\t<meta name=\"twitter:data1\" content=\"Klaus\" \/>\n\t<meta name=\"twitter:label2\" content=\"Est. reading time\" \/>\n\t<meta name=\"twitter:data2\" content=\"2 minutes\" \/>\n<script type=\"application\/ld+json\" class=\"yoast-schema-graph\">{\"@context\":\"https:\\\/\\\/schema.org\",\"@graph\":[{\"@type\":\"Article\",\"@id\":\"https:\\\/\\\/ibs-energy.com.br\\\/ons-corta-uma-belo-monte-de-energia-renovavel-no-nordeste-cnn-brasil\\\/#article\",\"isPartOf\":{\"@id\":\"https:\\\/\\\/ibs-energy.com.br\\\/ons-corta-uma-belo-monte-de-energia-renovavel-no-nordeste-cnn-brasil\\\/\"},\"author\":{\"name\":\"Klaus\",\"@id\":\"https:\\\/\\\/ibs-energy.com.br\\\/#\\\/schema\\\/person\\\/1641c42029d5c0ffcf8885490fe72192\"},\"headline\":\"ONS corta uma &#8220;Belo Monte&#8221; de energia renov\u00e1vel no Nordeste | CNN Brasil\",\"datePublished\":\"2026-03-09T05:26:29+00:00\",\"dateModified\":\"2026-03-19T05:30:21+00:00\",\"mainEntityOfPage\":{\"@id\":\"https:\\\/\\\/ibs-energy.com.br\\\/ons-corta-uma-belo-monte-de-energia-renovavel-no-nordeste-cnn-brasil\\\/\"},\"wordCount\":346,\"publisher\":{\"@id\":\"https:\\\/\\\/ibs-energy.com.br\\\/#organization\"},\"image\":{\"@id\":\"https:\\\/\\\/ibs-energy.com.br\\\/ons-corta-uma-belo-monte-de-energia-renovavel-no-nordeste-cnn-brasil\\\/#primaryimage\"},\"thumbnailUrl\":\"https:\\\/\\\/ibs-energy.com.br\\\/wp-content\\\/uploads\\\/2026\\\/03\\\/tagreuters.com2025binary_lynxnpel8i0o7-baseimage.png\",\"keywords\":[\"Energia\",\"Energia Renov\u00e1vel\",\"nordeste\",\"ons\"],\"articleSection\":[\"Blog\",\"Economia\",\"Energia El\u00e9trica\",\"Governo Federal\",\"IBS Energy\",\"Mercado Livre\"],\"inLanguage\":\"en-US\"},{\"@type\":\"WebPage\",\"@id\":\"https:\\\/\\\/ibs-energy.com.br\\\/ons-corta-uma-belo-monte-de-energia-renovavel-no-nordeste-cnn-brasil\\\/\",\"url\":\"https:\\\/\\\/ibs-energy.com.br\\\/ons-corta-uma-belo-monte-de-energia-renovavel-no-nordeste-cnn-brasil\\\/\",\"name\":\"ONS corta uma \\\"Belo Monte\\\" de energia renov\u00e1vel no Nordeste | CNN Brasil - Grupo IBS Energy\",\"isPartOf\":{\"@id\":\"https:\\\/\\\/ibs-energy.com.br\\\/#website\"},\"primaryImageOfPage\":{\"@id\":\"https:\\\/\\\/ibs-energy.com.br\\\/ons-corta-uma-belo-monte-de-energia-renovavel-no-nordeste-cnn-brasil\\\/#primaryimage\"},\"image\":{\"@id\":\"https:\\\/\\\/ibs-energy.com.br\\\/ons-corta-uma-belo-monte-de-energia-renovavel-no-nordeste-cnn-brasil\\\/#primaryimage\"},\"thumbnailUrl\":\"https:\\\/\\\/ibs-energy.com.br\\\/wp-content\\\/uploads\\\/2026\\\/03\\\/tagreuters.com2025binary_lynxnpel8i0o7-baseimage.png\",\"datePublished\":\"2026-03-09T05:26:29+00:00\",\"dateModified\":\"2026-03-19T05:30:21+00:00\",\"breadcrumb\":{\"@id\":\"https:\\\/\\\/ibs-energy.com.br\\\/ons-corta-uma-belo-monte-de-energia-renovavel-no-nordeste-cnn-brasil\\\/#breadcrumb\"},\"inLanguage\":\"en-US\",\"potentialAction\":[{\"@type\":\"ReadAction\",\"target\":[\"https:\\\/\\\/ibs-energy.com.br\\\/ons-corta-uma-belo-monte-de-energia-renovavel-no-nordeste-cnn-brasil\\\/\"]}]},{\"@type\":\"ImageObject\",\"inLanguage\":\"en-US\",\"@id\":\"https:\\\/\\\/ibs-energy.com.br\\\/ons-corta-uma-belo-monte-de-energia-renovavel-no-nordeste-cnn-brasil\\\/#primaryimage\",\"url\":\"https:\\\/\\\/ibs-energy.com.br\\\/wp-content\\\/uploads\\\/2026\\\/03\\\/tagreuters.com2025binary_lynxnpel8i0o7-baseimage.png\",\"contentUrl\":\"https:\\\/\\\/ibs-energy.com.br\\\/wp-content\\\/uploads\\\/2026\\\/03\\\/tagreuters.com2025binary_lynxnpel8i0o7-baseimage.png\",\"width\":800,\"height\":481,\"caption\":\"Usinas e\u00f3licas e torre de transmiss\u00e3o de energia \u2022 . REUTERS\\\/David Moir\"},{\"@type\":\"BreadcrumbList\",\"@id\":\"https:\\\/\\\/ibs-energy.com.br\\\/ons-corta-uma-belo-monte-de-energia-renovavel-no-nordeste-cnn-brasil\\\/#breadcrumb\",\"itemListElement\":[{\"@type\":\"ListItem\",\"position\":1,\"name\":\"Home\",\"item\":\"https:\\\/\\\/ibs-energy.com.br\\\/\"},{\"@type\":\"ListItem\",\"position\":2,\"name\":\"Blog\",\"item\":\"https:\\\/\\\/ibs-energy.com.br\\\/category\\\/blog\\\/\"},{\"@type\":\"ListItem\",\"position\":3,\"name\":\"ONS corta uma &#8220;Belo Monte&#8221; de energia renov\u00e1vel no Nordeste | CNN Brasil\"}]},{\"@type\":\"WebSite\",\"@id\":\"https:\\\/\\\/ibs-energy.com.br\\\/#website\",\"url\":\"https:\\\/\\\/ibs-energy.com.br\\\/\",\"name\":\"Grupo IBS Energy\",\"description\":\"\",\"publisher\":{\"@id\":\"https:\\\/\\\/ibs-energy.com.br\\\/#organization\"},\"potentialAction\":[{\"@type\":\"SearchAction\",\"target\":{\"@type\":\"EntryPoint\",\"urlTemplate\":\"https:\\\/\\\/ibs-energy.com.br\\\/?s={search_term_string}\"},\"query-input\":{\"@type\":\"PropertyValueSpecification\",\"valueRequired\":true,\"valueName\":\"search_term_string\"}}],\"inLanguage\":\"en-US\"},{\"@type\":\"Organization\",\"@id\":\"https:\\\/\\\/ibs-energy.com.br\\\/#organization\",\"name\":\"Grupo IBS Energy\",\"url\":\"https:\\\/\\\/ibs-energy.com.br\\\/\",\"logo\":{\"@type\":\"ImageObject\",\"inLanguage\":\"en-US\",\"@id\":\"https:\\\/\\\/ibs-energy.com.br\\\/#\\\/schema\\\/logo\\\/image\\\/\",\"url\":\"https:\\\/\\\/ibs-energy.com.br\\\/wp-content\\\/uploads\\\/2024\\\/11\\\/logo-ibs.svg\",\"contentUrl\":\"https:\\\/\\\/ibs-energy.com.br\\\/wp-content\\\/uploads\\\/2024\\\/11\\\/logo-ibs.svg\",\"width\":95,\"height\":46,\"caption\":\"Grupo IBS Energy\"},\"image\":{\"@id\":\"https:\\\/\\\/ibs-energy.com.br\\\/#\\\/schema\\\/logo\\\/image\\\/\"}},{\"@type\":\"Person\",\"@id\":\"https:\\\/\\\/ibs-energy.com.br\\\/#\\\/schema\\\/person\\\/1641c42029d5c0ffcf8885490fe72192\",\"name\":\"Klaus\",\"image\":{\"@type\":\"ImageObject\",\"inLanguage\":\"en-US\",\"@id\":\"https:\\\/\\\/secure.gravatar.com\\\/avatar\\\/15b61671ccad9f27d4eed406d1894ac66dd8bfa4988ec9f0b9201c6c28b9c460?s=96&d=mm&r=g\",\"url\":\"https:\\\/\\\/secure.gravatar.com\\\/avatar\\\/15b61671ccad9f27d4eed406d1894ac66dd8bfa4988ec9f0b9201c6c28b9c460?s=96&d=mm&r=g\",\"contentUrl\":\"https:\\\/\\\/secure.gravatar.com\\\/avatar\\\/15b61671ccad9f27d4eed406d1894ac66dd8bfa4988ec9f0b9201c6c28b9c460?s=96&d=mm&r=g\",\"caption\":\"Klaus\"},\"url\":\"https:\\\/\\\/ibs-energy.com.br\\\/en\\\/author\\\/klaus-christian-kisser\\\/\"}]}<\/script>\n<!-- \/ Yoast SEO plugin. -->","yoast_head_json":{"title":"ONS corta uma \"Belo Monte\" de energia renov\u00e1vel no Nordeste | CNN Brasil - Grupo IBS Energy","robots":{"index":"index","follow":"follow","max-snippet":"max-snippet:-1","max-image-preview":"max-image-preview:large","max-video-preview":"max-video-preview:-1"},"canonical":"https:\/\/ibs-energy.com.br\/en\/ons-corta-uma-belo-monte-de-energia-renovavel-no-nordeste-cnn-brasil\/","og_locale":"en_US","og_type":"article","og_title":"ONS corta uma \"Belo Monte\" de energia renov\u00e1vel no Nordeste | CNN Brasil - Grupo IBS Energy","og_description":"Limita\u00e7\u00e3o ocorreu ao longo de v\u00e1rias horas no domingo (8) para controle de fluxo de energia e frequ\u00eancia do Sistema Interligado Nacional O&nbsp;Operador Nacional do Sistema El\u00e9trico (ONS)&nbsp;registrou no \u00faltimo domingo (8)&nbsp;restri\u00e7\u00f5es significativas na gera\u00e7\u00e3o de energia e\u00f3lica e solar no Nordeste&nbsp;para manter o equil\u00edbrio do Sistema Interligado Nacional (SIN). Segundo o Informativo Preliminar Di\u00e1rio da Opera\u00e7\u00e3o (IPDO), o corte m\u00e1ximo chegou a&nbsp;12.609 MW&nbsp;de pot\u00eancia. A limita\u00e7\u00e3o da gera\u00e7\u00e3o renov\u00e1vel ocorreu entre 0h e 3h33 e novamente entre 4h19 e 16h54, principalmente para controle de fluxos el\u00e9tricos entre regi\u00f5es, atendimento de restri\u00e7\u00f5es operativas e manuten\u00e7\u00e3o da frequ\u00eancia do sistema. O volume de gera\u00e7\u00e3o restringida \u00e9 superior \u00e0 capacidade da Usina Hidrel\u00e9trica de Belo Monte, uma das maiores do pa\u00eds, que tem cerca de 11 GW de pot\u00eancia instalada. Os cortes de gera\u00e7\u00e3o determinados pelo ONS ocorrem por tr\u00eas motivos: a falta de infraestrutura de transmiss\u00e3o, como linhas danificadas ou atrasadas, em que a empresa geradora pode ser ressarcida por n\u00e3o ser respons\u00e1vel pelo problema; quando as linhas de transmiss\u00e3o atingem o limite de capacidade e a energia n\u00e3o pode ser escoada; e o excesso de oferta de energia em rela\u00e7\u00e3o \u00e0 demanda. Nos dois \u00faltimos casos, n\u00e3o h\u00e1 direito a compensa\u00e7\u00e3o. Restri\u00e7\u00f5es tamb\u00e9m foram registradas em outros submercados, mas em escala bem menor. No Sudeste\/Centro-Oeste, o corte m\u00e1ximo foi de 488 MW, enquanto no Norte a redu\u00e7\u00e3o chegou a 125 MW, tamb\u00e9m para controle da frequ\u00eancia do SIN. Em comunicado, a ONS ainda informou que n\u00e3o houve ocorr\u00eancias relevantes na rede de opera\u00e7\u00e3o ou na rede de distribui\u00e7\u00e3o ao longo do dia. A carga do sistema ficou em 75.803 MW m\u00e9dios, com predomin\u00e2ncia da gera\u00e7\u00e3o hidr\u00e1ulica na matriz el\u00e9trica di\u00e1ria.","og_url":"https:\/\/ibs-energy.com.br\/en\/ons-corta-uma-belo-monte-de-energia-renovavel-no-nordeste-cnn-brasil\/","og_site_name":"Grupo IBS Energy","article_published_time":"2026-03-09T05:26:29+00:00","article_modified_time":"2026-03-19T05:30:21+00:00","og_image":[{"width":800,"height":481,"url":"https:\/\/ibs-energy.com.br\/wp-content\/uploads\/2026\/03\/tagreuters.com2025binary_lynxnpel8i0o7-baseimage.png","type":"image\/png"}],"author":"Klaus","twitter_card":"summary_large_image","twitter_misc":{"Written by":"Klaus","Est. reading time":"2 minutes"},"schema":{"@context":"https:\/\/schema.org","@graph":[{"@type":"Article","@id":"https:\/\/ibs-energy.com.br\/ons-corta-uma-belo-monte-de-energia-renovavel-no-nordeste-cnn-brasil\/#article","isPartOf":{"@id":"https:\/\/ibs-energy.com.br\/ons-corta-uma-belo-monte-de-energia-renovavel-no-nordeste-cnn-brasil\/"},"author":{"name":"Klaus","@id":"https:\/\/ibs-energy.com.br\/#\/schema\/person\/1641c42029d5c0ffcf8885490fe72192"},"headline":"ONS corta uma &#8220;Belo Monte&#8221; de energia renov\u00e1vel no Nordeste | CNN Brasil","datePublished":"2026-03-09T05:26:29+00:00","dateModified":"2026-03-19T05:30:21+00:00","mainEntityOfPage":{"@id":"https:\/\/ibs-energy.com.br\/ons-corta-uma-belo-monte-de-energia-renovavel-no-nordeste-cnn-brasil\/"},"wordCount":346,"publisher":{"@id":"https:\/\/ibs-energy.com.br\/#organization"},"image":{"@id":"https:\/\/ibs-energy.com.br\/ons-corta-uma-belo-monte-de-energia-renovavel-no-nordeste-cnn-brasil\/#primaryimage"},"thumbnailUrl":"https:\/\/ibs-energy.com.br\/wp-content\/uploads\/2026\/03\/tagreuters.com2025binary_lynxnpel8i0o7-baseimage.png","keywords":["Energia","Energia Renov\u00e1vel","nordeste","ons"],"articleSection":["Blog","Economia","Energia El\u00e9trica","Governo Federal","IBS Energy","Mercado Livre"],"inLanguage":"en-US"},{"@type":"WebPage","@id":"https:\/\/ibs-energy.com.br\/ons-corta-uma-belo-monte-de-energia-renovavel-no-nordeste-cnn-brasil\/","url":"https:\/\/ibs-energy.com.br\/ons-corta-uma-belo-monte-de-energia-renovavel-no-nordeste-cnn-brasil\/","name":"ONS corta uma \"Belo Monte\" de energia renov\u00e1vel no Nordeste | CNN Brasil - Grupo IBS Energy","isPartOf":{"@id":"https:\/\/ibs-energy.com.br\/#website"},"primaryImageOfPage":{"@id":"https:\/\/ibs-energy.com.br\/ons-corta-uma-belo-monte-de-energia-renovavel-no-nordeste-cnn-brasil\/#primaryimage"},"image":{"@id":"https:\/\/ibs-energy.com.br\/ons-corta-uma-belo-monte-de-energia-renovavel-no-nordeste-cnn-brasil\/#primaryimage"},"thumbnailUrl":"https:\/\/ibs-energy.com.br\/wp-content\/uploads\/2026\/03\/tagreuters.com2025binary_lynxnpel8i0o7-baseimage.png","datePublished":"2026-03-09T05:26:29+00:00","dateModified":"2026-03-19T05:30:21+00:00","breadcrumb":{"@id":"https:\/\/ibs-energy.com.br\/ons-corta-uma-belo-monte-de-energia-renovavel-no-nordeste-cnn-brasil\/#breadcrumb"},"inLanguage":"en-US","potentialAction":[{"@type":"ReadAction","target":["https:\/\/ibs-energy.com.br\/ons-corta-uma-belo-monte-de-energia-renovavel-no-nordeste-cnn-brasil\/"]}]},{"@type":"ImageObject","inLanguage":"en-US","@id":"https:\/\/ibs-energy.com.br\/ons-corta-uma-belo-monte-de-energia-renovavel-no-nordeste-cnn-brasil\/#primaryimage","url":"https:\/\/ibs-energy.com.br\/wp-content\/uploads\/2026\/03\/tagreuters.com2025binary_lynxnpel8i0o7-baseimage.png","contentUrl":"https:\/\/ibs-energy.com.br\/wp-content\/uploads\/2026\/03\/tagreuters.com2025binary_lynxnpel8i0o7-baseimage.png","width":800,"height":481,"caption":"Usinas e\u00f3licas e torre de transmiss\u00e3o de energia \u2022 . REUTERS\/David Moir"},{"@type":"BreadcrumbList","@id":"https:\/\/ibs-energy.com.br\/ons-corta-uma-belo-monte-de-energia-renovavel-no-nordeste-cnn-brasil\/#breadcrumb","itemListElement":[{"@type":"ListItem","position":1,"name":"Home","item":"https:\/\/ibs-energy.com.br\/"},{"@type":"ListItem","position":2,"name":"Blog","item":"https:\/\/ibs-energy.com.br\/category\/blog\/"},{"@type":"ListItem","position":3,"name":"ONS corta uma &#8220;Belo Monte&#8221; de energia renov\u00e1vel no Nordeste | CNN Brasil"}]},{"@type":"WebSite","@id":"https:\/\/ibs-energy.com.br\/#website","url":"https:\/\/ibs-energy.com.br\/","name":"IBS Energy Group","description":"","publisher":{"@id":"https:\/\/ibs-energy.com.br\/#organization"},"potentialAction":[{"@type":"SearchAction","target":{"@type":"EntryPoint","urlTemplate":"https:\/\/ibs-energy.com.br\/?s={search_term_string}"},"query-input":{"@type":"PropertyValueSpecification","valueRequired":true,"valueName":"search_term_string"}}],"inLanguage":"en-US"},{"@type":"Organization","@id":"https:\/\/ibs-energy.com.br\/#organization","name":"IBS Energy Group","url":"https:\/\/ibs-energy.com.br\/","logo":{"@type":"ImageObject","inLanguage":"en-US","@id":"https:\/\/ibs-energy.com.br\/#\/schema\/logo\/image\/","url":"https:\/\/ibs-energy.com.br\/wp-content\/uploads\/2024\/11\/logo-ibs.svg","contentUrl":"https:\/\/ibs-energy.com.br\/wp-content\/uploads\/2024\/11\/logo-ibs.svg","width":95,"height":46,"caption":"Grupo IBS Energy"},"image":{"@id":"https:\/\/ibs-energy.com.br\/#\/schema\/logo\/image\/"}},{"@type":"Person","@id":"https:\/\/ibs-energy.com.br\/#\/schema\/person\/1641c42029d5c0ffcf8885490fe72192","name":"Klaus","image":{"@type":"ImageObject","inLanguage":"en-US","@id":"https:\/\/secure.gravatar.com\/avatar\/15b61671ccad9f27d4eed406d1894ac66dd8bfa4988ec9f0b9201c6c28b9c460?s=96&d=mm&r=g","url":"https:\/\/secure.gravatar.com\/avatar\/15b61671ccad9f27d4eed406d1894ac66dd8bfa4988ec9f0b9201c6c28b9c460?s=96&d=mm&r=g","contentUrl":"https:\/\/secure.gravatar.com\/avatar\/15b61671ccad9f27d4eed406d1894ac66dd8bfa4988ec9f0b9201c6c28b9c460?s=96&d=mm&r=g","caption":"Klaus"},"url":"https:\/\/ibs-energy.com.br\/en\/author\/klaus-christian-kisser\/"}]}},"_links":{"self":[{"href":"https:\/\/ibs-energy.com.br\/en\/wp-json\/wp\/v2\/posts\/3985","targetHints":{"allow":["GET"]}}],"collection":[{"href":"https:\/\/ibs-energy.com.br\/en\/wp-json\/wp\/v2\/posts"}],"about":[{"href":"https:\/\/ibs-energy.com.br\/en\/wp-json\/wp\/v2\/types\/post"}],"author":[{"embeddable":true,"href":"https:\/\/ibs-energy.com.br\/en\/wp-json\/wp\/v2\/users\/6"}],"replies":[{"embeddable":true,"href":"https:\/\/ibs-energy.com.br\/en\/wp-json\/wp\/v2\/comments?post=3985"}],"version-history":[{"count":2,"href":"https:\/\/ibs-energy.com.br\/en\/wp-json\/wp\/v2\/posts\/3985\/revisions"}],"predecessor-version":[{"id":3989,"href":"https:\/\/ibs-energy.com.br\/en\/wp-json\/wp\/v2\/posts\/3985\/revisions\/3989"}],"wp:featuredmedia":[{"embeddable":true,"href":"https:\/\/ibs-energy.com.br\/en\/wp-json\/wp\/v2\/media\/3986"}],"wp:attachment":[{"href":"https:\/\/ibs-energy.com.br\/en\/wp-json\/wp\/v2\/media?parent=3985"}],"wp:term":[{"taxonomy":"category","embeddable":true,"href":"https:\/\/ibs-energy.com.br\/en\/wp-json\/wp\/v2\/categories?post=3985"},{"taxonomy":"post_tag","embeddable":true,"href":"https:\/\/ibs-energy.com.br\/en\/wp-json\/wp\/v2\/tags?post=3985"}],"curies":[{"name":"wp","href":"https:\/\/api.w.org\/{rel}","templated":true}]}}